{"id":16775,"date":"2026-03-18T16:26:20","date_gmt":"2026-03-18T15:26:20","guid":{"rendered":"https:\/\/challengeme.online\/?p=16775"},"modified":"2026-03-19T20:13:14","modified_gmt":"2026-03-19T19:13:14","slug":"de-la-theorie-a-la-pratique-le-cas-decole-de-lhesav-en-approche-par-competences","status":"publish","type":"post","link":"https:\/\/challengeme.online\/en\/de-la-theorie-a-la-pratique-le-cas-decole-de-lhesav-en-approche-par-competences\/","title":{"rendered":"De la th\u00e9orie \u00e0 la pratique : le cas d&rsquo;\u00e9cole de l&rsquo;HESAV en approche par comp\u00e9tences"},"content":{"rendered":"<div data-elementor-type=\"wp-post\" data-elementor-id=\"16775\" class=\"elementor elementor-16775\" data-elementor-post-type=\"post\">\n\t\t\t\t<div class=\"elementor-element elementor-element-698feacd e-flex e-con-boxed e-con e-parent\" data-id=\"698feacd\" data-element_type=\"container\">\n\t\t\t\t\t<div class=\"e-con-inner\">\n\t\t\t\t<div class=\"elementor-element elementor-element-7181c35 elementor-widget elementor-widget-text-editor\" data-id=\"7181c35\" data-element_type=\"widget\" data-widget_type=\"text-editor.default\">\n\t\t\t\t<div class=\"elementor-widget-container\">\n\t\t\t\t\t\t\t\t\t\n<p><\/p>\n\t\t\t\t\t\t\t\t<\/div>\n\t\t\t\t<\/div>\n\t\t\t\t\t<\/div>\n\t\t\t\t<\/div>\n\t\t<div class=\"elementor-element elementor-element-f315e4c e-flex e-con-boxed e-con e-parent\" data-id=\"f315e4c\" data-element_type=\"container\">\n\t\t\t\t\t<div class=\"e-con-inner\">\n\t\t\t\t<div class=\"elementor-element elementor-element-2f0fc9e elementor-widget elementor-widget-text-editor\" data-id=\"2f0fc9e\" data-element_type=\"widget\" data-widget_type=\"text-editor.default\">\n\t\t\t\t<div class=\"elementor-widget-container\">\n\t\t\t\t\t\t\t\t\t<div class=\"s-whitespace-pre-wrap s-break-words s-font-normal first:s-pt-0 last:s-pb-0 s-py-1 @md:s-py-2 @md:s-leading-7 s-text-base s-leading-7 s-text-foreground dark:s-text-foreground-night\">\n<div class=\"s-whitespace-pre-wrap s-break-words s-font-normal first:s-pt-0 last:s-pb-0 s-py-1 @md:s-py-2 @md:s-leading-7 s-text-base s-leading-7 s-text-foreground dark:s-text-foreground-night\">Dans le monde acad\u00e9mique, l&rsquo;\u00e9cart entre les th\u00e9ories p\u00e9dagogiques prometteuses et leur mise en \u0153uvre concr\u00e8te reste l&rsquo;un des d\u00e9fis majeurs des \u00e9tablissements d&rsquo;enseignement sup\u00e9rieur. Comment transformer les concepts d&rsquo;approche par comp\u00e9tences en r\u00e9alit\u00e9 op\u00e9rationnelle ? Comment d\u00e9passer les r\u00e9sistances et construire un syst\u00e8me coh\u00e9rent qui b\u00e9n\u00e9ficie r\u00e9ellement aux \u00e9tudiants ?<\/div>\n<div class=\"s-whitespace-pre-wrap s-break-words s-font-normal first:s-pt-0 last:s-pb-0 s-py-1 @md:s-py-2 @md:s-leading-7 s-text-base s-leading-7 s-text-foreground dark:s-text-foreground-night\">L&rsquo;\u00c9cole sup\u00e9rieure de sant\u00e9 vaudoise (HESAV) nous offre un exemple remarquable de transformation r\u00e9ussie. Laurence Flaction, responsable p\u00e9dagogique de la fili\u00e8re technologues en radiologie m\u00e9dicale, a partag\u00e9 lors d&rsquo;un r\u00e9cent webinaire le processus complet de mise en place de l&rsquo;approche par comp\u00e9tences dans son \u00e9tablissement. <strong class=\"s-font-semibold s-text-foreground dark:s-text-foreground-night\">D\u00e9couvrons cette m\u00e9thodologie rigoureuse qui transforme la formation de futurs professionnels de sant\u00e9.<\/strong><\/div>\n<\/div>\n<div class=\"s-my-6 s-border-b s-border-primary-150 dark:s-border-primary-150-night\">\u00a0<\/div>\n<h2 class=\"s-pb-2 s-pt-4 s-heading-xl s-text-foreground dark:s-text-foreground-night\"><strong class=\"s-font-semibold s-text-foreground dark:s-text-foreground-night\">\ud83c\udfd7\ufe0f Les fondations : une approche collaborative et align\u00e9e<\/strong><\/h2>\n<h3 class=\"s-pb-2 s-pt-4 s-heading-lg s-text-foreground dark:s-text-foreground-night\"><strong class=\"s-font-semibold s-text-foreground dark:s-text-foreground-night\">Le contexte suisse : contraintes et opportunit\u00e9s<\/strong><\/h3>\n<div class=\"s-whitespace-pre-wrap s-break-words s-font-normal first:s-pt-0 last:s-pb-0 s-py-1 @md:s-py-2 @md:s-leading-7 s-text-base s-leading-7 s-text-foreground dark:s-text-foreground-night\">L&rsquo;HESAV \u00e9volue dans un cadre r\u00e9glementaire sp\u00e9cifique qui structure ses choix p\u00e9dagogiques. Comme l&rsquo;explique Laurence Flaction : <em>\u00ab\u00a0Nous, on s&rsquo;inspire comme beaucoup de professions du mod\u00e8le canadien CADMED qui avait \u00e9t\u00e9 r\u00e9\u00e9dit\u00e9 en 2015. Et nous, on doit vraiment s&rsquo;appuyer sur des offices qui existent et sur des lois f\u00e9d\u00e9rales.\u00a0\u00bb<\/em><\/div>\n<div class=\"s-whitespace-pre-wrap s-break-words s-font-normal first:s-pt-0 last:s-pb-0 s-py-1 @md:s-py-2 @md:s-leading-7 s-text-base s-leading-7 s-text-foreground dark:s-text-foreground-night\">Cette contrainte r\u00e9glementaire, loin d&rsquo;\u00eatre un frein, devient un cadre structurant pour l&rsquo;innovation p\u00e9dagogique. L&rsquo;\u00e9tablissement doit concilier les exigences f\u00e9d\u00e9rales avec sa volont\u00e9 de proposer une formation par comp\u00e9tences authentique aux futurs <em>\u00ab\u00a0technologues, on essaye de trouver des noms qui vont revaloriser le radiographeur.\u00a0\u00bb<\/em><\/div>\n<h3 class=\"s-pb-2 s-pt-4 s-heading-lg s-text-foreground dark:s-text-foreground-night\"><strong class=\"s-font-semibold s-text-foreground dark:s-text-foreground-night\">La m\u00e9thode collaborative : 5 groupes de r\u00e9flexion<\/strong><\/h3>\n<div class=\"s-whitespace-pre-wrap s-break-words s-font-normal first:s-pt-0 last:s-pb-0 s-py-1 @md:s-py-2 @md:s-leading-7 s-text-base s-leading-7 s-text-foreground dark:s-text-foreground-night\">La transformation de l&rsquo;HESAV repose sur une d\u00e9marche collaborative exemplaire. Laurence Flaction d\u00e9taille l&rsquo;approche : <em>\u00ab\u00a0On a \u00e9t\u00e9 dans quelque chose de tr\u00e8s collectif o\u00f9 on voulait avoir autant un alignement scientifique qu&rsquo;un alignement associatif, qu&rsquo;un alignement p\u00e9dagogique. L&rsquo;id\u00e9e, c&rsquo;\u00e9tait vraiment d&rsquo;\u00eatre align\u00e9s dans toutes les directions.\u00a0\u00bb<\/em><\/div>\n<div class=\"s-whitespace-pre-wrap s-break-words s-font-normal first:s-pt-0 last:s-pb-0 s-py-1 @md:s-py-2 @md:s-leading-7 s-text-base s-leading-7 s-text-foreground dark:s-text-foreground-night\">Cette vision syst\u00e9mique se traduit concr\u00e8tement par la cr\u00e9ation de <em>\u00ab\u00a0cinq groupes de r\u00e9flexion\u00a0\u00bb<\/em> dont deux groupes centraux : <em>\u00ab\u00a0un groupe sur le r\u00e9f\u00e9rentiel de comp\u00e9tences et le second groupe o\u00f9 on va travailler le r\u00e9f\u00e9rentiel de comp\u00e9tences \u00e0 la lumi\u00e8re d&rsquo;un r\u00e9seau Veille M\u00e9tiers.\u00a0\u00bb<\/em><\/div>\n<div class=\"s-whitespace-pre-wrap s-break-words s-font-normal first:s-pt-0 last:s-pb-0 s-py-1 @md:s-py-2 @md:s-leading-7 s-text-base s-leading-7 s-text-foreground dark:s-text-foreground-night\"><strong class=\"s-font-semibold s-text-foreground dark:s-text-foreground-night\">L&rsquo;organisation multi-sites :<\/strong> <em>\u00ab\u00a0On a cr\u00e9\u00e9 un copil, donc un groupe de pilotage sur deux sites. Chez nous, c&rsquo;est Gen\u00e8ve et Vaud\u00a0\u00bb<\/em>, d\u00e9montrant la capacit\u00e9 de l&rsquo;\u00e9tablissement \u00e0 maintenir la coh\u00e9rence p\u00e9dagogique malgr\u00e9 la dispersion g\u00e9ographique.<\/div>\n<h3 class=\"s-pb-2 s-pt-4 s-heading-lg s-text-foreground dark:s-text-foreground-night\"><strong class=\"s-font-semibold s-text-foreground dark:s-text-foreground-night\">L&rsquo;ancrage th\u00e9orique avec Jacques Tardif<\/strong><\/h3>\n<div class=\"s-whitespace-pre-wrap s-break-words s-font-normal first:s-pt-0 last:s-pb-0 s-py-1 @md:s-py-2 @md:s-leading-7 s-text-base s-leading-7 s-text-foreground dark:s-text-foreground-night\">La rigueur scientifique guide chaque \u00e9tape du processus. Comme le souligne Laurence avec humour : <em>\u00ab\u00a0Bizarrement, sur qui on tombe quand on fait des ancrages purs th\u00e9oriques ? Bien, on tombe sur Jacques.\u00a0\u00bb<\/em><\/div>\n<div class=\"s-whitespace-pre-wrap s-break-words s-font-normal first:s-pt-0 last:s-pb-0 s-py-1 @md:s-py-2 @md:s-leading-7 s-text-base s-leading-7 s-text-foreground dark:s-text-foreground-night\">Cette r\u00e9f\u00e9rence \u00e0 Jacques Tardif n&rsquo;est pas anecdotique : elle ancre solidement la d\u00e9marche dans l&rsquo;approche situ\u00e9e des comp\u00e9tences. L&rsquo;\u00e9tablissement d\u00e9veloppe son plan d&rsquo;\u00e9tudes <em>\u00ab\u00a0avec la comp\u00e9tence illustrer cette approche-l\u00e0 par Jacques Tardif\u00a0\u00bb<\/em>, privil\u00e9giant <em>\u00ab\u00a0ce savoir agir\u00a0\u00bb<\/em> dans des <em>\u00ab\u00a0situations professionnelles\u00a0\u00bb<\/em> authentiques.<\/div>\t\t\t\t\t\t\t\t<\/div>\n\t\t\t\t<\/div>\n\t\t\t\t<div class=\"elementor-element elementor-element-83e11cb elementor-widget elementor-widget-text-editor\" data-id=\"83e11cb\" data-element_type=\"widget\" data-widget_type=\"text-editor.default\">\n\t\t\t\t<div class=\"elementor-widget-container\">\n\t\t\t\t\t\t\t\t\t<h2 class=\"s-pb-2 s-pt-4 s-heading-xl s-text-foreground dark:s-text-foreground-night\"><strong class=\"s-font-semibold s-text-foreground dark:s-text-foreground-night\">\ud83d\udd2c L&rsquo;enqu\u00eate terrain : l&rsquo;innovation m\u00e9thodologique<\/strong><\/h2>\n<h3 class=\"s-pb-2 s-pt-4 s-heading-lg s-text-foreground dark:s-text-foreground-night\"><strong class=\"s-font-semibold s-text-foreground dark:s-text-foreground-night\">Au-del\u00e0 de la th\u00e9orie : aller sur le terrain<\/strong><\/h3>\n<div class=\"s-whitespace-pre-wrap s-break-words s-font-normal first:s-pt-0 last:s-pb-0 s-py-1 @md:s-py-2 @md:s-leading-7 s-text-base s-leading-7 s-text-foreground dark:s-text-foreground-night\">La v\u00e9ritable innovation de l&rsquo;HESAV r\u00e9side dans sa d\u00e9marche d&rsquo;investigation terrain. Laurence Flaction raconte : <em>\u00ab\u00a0On a pris nos petits sacs \u00e0 dos et nos ambitions et on a \u00e9t\u00e9 \u00e0 la rencontre de nos terrains.\u00a0\u00bb<\/em><\/div>\n<div class=\"s-whitespace-pre-wrap s-break-words s-font-normal first:s-pt-0 last:s-pb-0 s-py-1 @md:s-py-2 @md:s-leading-7 s-text-base s-leading-7 s-text-foreground dark:s-text-foreground-night\">Cette approche d\u00e9passe largement la simple analyse documentaire : <em>\u00ab\u00a0On a fait effectivement une recherche de ressources plut\u00f4t documentaire. On a analys\u00e9 des rapports de veille m\u00e9tier, on a analys\u00e9 le profil professionnel et puis on a analys\u00e9 les cahiers des charges qui sont \u00e9crits par les employeurs dans les petites annonces. On a \u00e9pluch\u00e9 tous ces \u00e9l\u00e9ments cl\u00e9s qui pouvaient \u00eatre palpables. Mais on s&rsquo;est dit que ce n&rsquo;\u00e9tait absolument pas suffisant pour pouvoir cr\u00e9er des situations.\u00a0\u00bb<\/em><\/div>\n<div class=\"s-whitespace-pre-wrap s-break-words s-font-normal first:s-pt-0 last:s-pb-0 s-py-1 @md:s-py-2 @md:s-leading-7 s-text-base s-leading-7 s-text-foreground dark:s-text-foreground-night\"><strong class=\"s-font-semibold s-text-foreground dark:s-text-foreground-night\">La m\u00e9thodologie terrain :<\/strong> L&rsquo;\u00e9quipe m\u00e8ne une v\u00e9ritable enqu\u00eate de terrain : <em>\u00ab\u00a0On a \u00e9t\u00e9 mener des entretiens, on a fait de la r\u00e9colte de donn\u00e9es aupr\u00e8s de nos praticiens formateurs, aupr\u00e8s des techniciens qui sont dipl\u00f4m\u00e9s, aupr\u00e8s des \u00e9tudiants et aupr\u00e8s des chefs TRM.\u00a0\u00bb<\/em><\/div>\n<h3 class=\"s-pb-2 s-pt-4 s-heading-lg s-text-foreground dark:s-text-foreground-night\"><strong class=\"s-font-semibold s-text-foreground dark:s-text-foreground-night\">Les familles de situations professionnelles identifi\u00e9es<\/strong><\/h3>\n<div class=\"s-whitespace-pre-wrap s-break-words s-font-normal first:s-pt-0 last:s-pb-0 s-py-1 @md:s-py-2 @md:s-leading-7 s-text-base s-leading-7 s-text-foreground dark:s-text-foreground-night\">Cette investigation r\u00e9v\u00e8le la richesse des contextes professionnels. Laurence observe : <em>\u00ab\u00a0On sait que partout ces lieux, ils mobilisent des multitudes de savoirs en action ? Jacques, on parlait tout \u00e0 l&rsquo;heure de l&rsquo;action. Donc l\u00e0, on est vraiment dedans. Il faut qu&rsquo;on mette en lumi\u00e8re cette richesse-l\u00e0. On a une diversit\u00e9 incroyable. On a plusieurs modalit\u00e9s aussi.\u00a0\u00bb<\/em><\/div>\n<div class=\"s-whitespace-pre-wrap s-break-words s-font-normal first:s-pt-0 last:s-pb-0 s-py-1 @md:s-py-2 @md:s-leading-7 s-text-base s-leading-7 s-text-foreground dark:s-text-foreground-night\"><strong class=\"s-font-semibold s-text-foreground dark:s-text-foreground-night\">L&rsquo;accueil positif du terrain :<\/strong> Une validation importante \u00e9merge de cette d\u00e9marche : <em>\u00ab\u00a0Quand on est arriv\u00e9 sur les lieux de la formation pratique, ils nous ont relativement bien re\u00e7u. Donc \u00e7a, c&rsquo;est plut\u00f4t quelque chose de positif. Et puis, \u00e7a nous a vraiment permis de v\u00e9rifier la coh\u00e9rence des propos qu&rsquo;on avait d&rsquo;un point de vue th\u00e9orique.\u00a0\u00bb<\/em><\/div>\n<div class=\"s-my-6 s-border-b s-border-primary-150 dark:s-border-primary-150-night\">\u00a0<\/div>\n<h2 class=\"s-pb-2 s-pt-4 s-heading-xl s-text-foreground dark:s-text-foreground-night\"><strong class=\"s-font-semibold s-text-foreground dark:s-text-foreground-night\">\u2699\ufe0f La transformation op\u00e9rationnelle : outils et m\u00e9thodes<\/strong><\/h2>\n<h3 class=\"s-pb-2 s-pt-4 s-heading-lg s-text-foreground dark:s-text-foreground-night\"><strong class=\"s-font-semibold s-text-foreground dark:s-text-foreground-night\">Les situations didactiques comme fil conducteur<\/strong><\/h3>\n<div class=\"s-whitespace-pre-wrap s-break-words s-font-normal first:s-pt-0 last:s-pb-0 s-py-1 @md:s-py-2 @md:s-leading-7 s-text-base s-leading-7 s-text-foreground dark:s-text-foreground-night\">L&rsquo;HESAV d\u00e9veloppe une approche originale bas\u00e9e sur les situations didactiques. Laurence explique : <em>\u00ab\u00a0Les situations didactiques, c&rsquo;est vraiment le fil conducteur. En premi\u00e8re ann\u00e9e, on n&rsquo;en a qu&rsquo;une par semestre et \u00e0 partir de la deuxi\u00e8me ann\u00e9e, on en a deux finalement sur l&rsquo;ann\u00e9e qui peuvent \u00e9voluer au gr\u00e9 aussi des modules pour qu&rsquo;on puisse s&rsquo;en impr\u00e9gner.\u00a0\u00bb<\/em><\/div>\n<div class=\"s-whitespace-pre-wrap s-break-words s-font-normal first:s-pt-0 last:s-pb-0 s-py-1 @md:s-py-2 @md:s-leading-7 s-text-base s-leading-7 s-text-foreground dark:s-text-foreground-night\">Cette progression m\u00e9ticuleuse refl\u00e8te une p\u00e9dagogie adapt\u00e9e au d\u00e9veloppement des \u00e9tudiants : <em>\u00ab\u00a0C&rsquo;est la transposition des familles de situation en situation didactique.\u00a0\u00bb<\/em><\/div>\n<div class=\"s-whitespace-pre-wrap s-break-words s-font-normal first:s-pt-0 last:s-pb-0 s-py-1 @md:s-py-2 @md:s-leading-7 s-text-base s-leading-7 s-text-foreground dark:s-text-foreground-night\"><strong class=\"s-font-semibold s-text-foreground dark:s-text-foreground-night\">L&rsquo;int\u00e9gration modulaire :<\/strong> Chaque situation didactique devient le centre d&rsquo;un \u00e9cosyst\u00e8me p\u00e9dagogique : <em>\u00ab\u00a0Une situation didactique au centre et vous avez effectivement toutes les dimensions qui vont nourrir ce module.\u00a0\u00bb<\/em><\/div>\n<h3 class=\"s-pb-2 s-pt-4 s-heading-lg s-text-foreground dark:s-text-foreground-night\"><strong class=\"s-font-semibold s-text-foreground dark:s-text-foreground-night\">Le r\u00e9f\u00e9rentiel \u00e0 3 dimensions<\/strong><\/h3>\n<div class=\"s-whitespace-pre-wrap s-break-words s-font-normal first:s-pt-0 last:s-pb-0 s-py-1 @md:s-py-2 @md:s-leading-7 s-text-base s-leading-7 s-text-foreground dark:s-text-foreground-night\">L&rsquo;HESAV structure sa formation autour d&rsquo;un r\u00e9f\u00e9rentiel taxonomique innovant. Laurence d\u00e9taille : <em>\u00ab\u00a0Trois niveaux taxonomiques qui vont \u00e9valuer sur les trois ann\u00e9es que dure la formation. Donc, on va s&rsquo;orienter sur des comp\u00e9tences et des objectifs d&rsquo;apprentissage d&rsquo;un point de vue cognitif, des comp\u00e9tences et des acquis d&rsquo;apprentissage d&rsquo;un point de vue r\u00e9flexif et l\u00e0 on ajoute un point qui nous tient vraiment \u00e0 c\u0153ur c&rsquo;est tout \u00e7a aussi dans un troisi\u00e8me niveau qui va \u00eatre l&rsquo;int\u00e9gratif et le transfert.\u00a0\u00bb<\/em><\/div>\n<div class=\"s-whitespace-pre-wrap s-break-words s-font-normal first:s-pt-0 last:s-pb-0 s-py-1 @md:s-py-2 @md:s-leading-7 s-text-base s-leading-7 s-text-foreground dark:s-text-foreground-night\">Cette structure accompagne la progression des \u00e9tudiants : <em>\u00ab\u00a0Bien \u00e9videmment qu&rsquo;en premi\u00e8re ann\u00e9e, on va quand m\u00eame avoir un tout petit peu plus de cognitifs, parce que c&rsquo;est \u00e7a qu&rsquo;on veut avoir en termes de base solide. Mais on ne va pas tout \u00eatre dans du cognitif parce qu&rsquo;on est dans des \u00e9coles sup\u00e9rieures.\u00a0\u00bb<\/em><\/div>\n<h3 class=\"s-pb-2 s-pt-4 s-heading-lg s-text-foreground dark:s-text-foreground-night\"><strong class=\"s-font-semibold s-text-foreground dark:s-text-foreground-night\">L&rsquo;int\u00e9gration compl\u00e8te : de la th\u00e9orie \u00e0 l&rsquo;\u00e9valuation<\/strong><\/h3>\n<div class=\"s-whitespace-pre-wrap s-break-words s-font-normal first:s-pt-0 last:s-pb-0 s-py-1 @md:s-py-2 @md:s-leading-7 s-text-base s-leading-7 s-text-foreground dark:s-text-foreground-night\">L&rsquo;HESAV pousse la coh\u00e9rence jusqu&rsquo;aux validations. Comme le souligne Laurence avec fiert\u00e9 : <em>\u00ab\u00a0Pour pousser le bouchon encore plus loin, c&rsquo;est qu&rsquo;on a r\u00e9fl\u00e9chi jusqu&rsquo;aux validations. Donc on a vraiment \u00e9t\u00e9 tr\u00e8s loin.\u00a0\u00bb<\/em><\/div>\n<div class=\"s-whitespace-pre-wrap s-break-words s-font-normal first:s-pt-0 last:s-pb-0 s-py-1 @md:s-py-2 @md:s-leading-7 s-text-base s-leading-7 s-text-foreground dark:s-text-foreground-night\">Cette approche syst\u00e9mique se traduit par des exigences concr\u00e8tes : <em>\u00ab\u00a0Il faut qu&rsquo;on sc\u00e9narise son enseignement et il faut qu&rsquo;on soit tr\u00e8s coh\u00e9rents jusqu&rsquo;aux validations qui sont associ\u00e9es \u00e0 chaque module.\u00a0\u00bb<\/em><\/div>\n<div class=\"s-whitespace-pre-wrap s-break-words s-font-normal first:s-pt-0 last:s-pb-0 s-py-1 @md:s-py-2 @md:s-leading-7 s-text-base s-leading-7 s-text-foreground dark:s-text-foreground-night\"><strong class=\"s-font-semibold s-text-foreground dark:s-text-foreground-night\">La coh\u00e9rence p\u00e9dagogique :<\/strong> <em>\u00ab\u00a0Si toi, dans ton module, tu fais beaucoup d&rsquo;acquisitions et puis pas du tout de pratique, tu ne vas pas pouvoir \u00e9valuer tes \u00e9tudiants via la pratique. \u00c7a n&rsquo;aura aucun sens.\u00a0\u00bb<\/em><\/div>\t\t\t\t\t\t\t\t<\/div>\n\t\t\t\t<\/div>\n\t\t\t\t<div class=\"elementor-element elementor-element-2bd335c elementor-widget elementor-widget-image\" data-id=\"2bd335c\" data-element_type=\"widget\" data-widget_type=\"image.default\">\n\t\t\t\t<div class=\"elementor-widget-container\">\n\t\t\t\t\t\t\t\t\t\t\t\t\t\t\t<img fetchpriority=\"high\" decoding=\"async\" width=\"800\" height=\"447\" src=\"https:\/\/challengeme.online\/wp-content\/uploads\/2026\/03\/Gemini_Generated_Image_g1cw08g1cw08g1cw-1024x572.png\" class=\"attachment-large size-large wp-image-16784\" alt=\"\" srcset=\"https:\/\/challengeme.online\/wp-content\/uploads\/2026\/03\/Gemini_Generated_Image_g1cw08g1cw08g1cw-1024x572.png 1024w, https:\/\/challengeme.online\/wp-content\/uploads\/2026\/03\/Gemini_Generated_Image_g1cw08g1cw08g1cw-300x167.png 300w, https:\/\/challengeme.online\/wp-content\/uploads\/2026\/03\/Gemini_Generated_Image_g1cw08g1cw08g1cw-768x429.png 768w, https:\/\/challengeme.online\/wp-content\/uploads\/2026\/03\/Gemini_Generated_Image_g1cw08g1cw08g1cw-1536x857.png 1536w, https:\/\/challengeme.online\/wp-content\/uploads\/2026\/03\/Gemini_Generated_Image_g1cw08g1cw08g1cw-2048x1143.png 2048w, https:\/\/challengeme.online\/wp-content\/uploads\/2026\/03\/Gemini_Generated_Image_g1cw08g1cw08g1cw-18x10.png 18w\" sizes=\"(max-width: 800px) 100vw, 800px\" \/>\t\t\t\t\t\t\t\t\t\t\t\t\t\t\t<\/div>\n\t\t\t\t<\/div>\n\t\t\t\t<div class=\"elementor-element elementor-element-c645452 elementor-widget elementor-widget-text-editor\" data-id=\"c645452\" data-element_type=\"widget\" data-widget_type=\"text-editor.default\">\n\t\t\t\t<div class=\"elementor-widget-container\">\n\t\t\t\t\t\t\t\t\t<h2 class=\"s-pb-2 s-pt-4 s-heading-xl s-text-foreground dark:s-text-foreground-night\"><strong class=\"s-font-semibold s-text-foreground dark:s-text-foreground-night\">\u2705 Les r\u00e9sultats concrets et le\u00e7ons apprises<\/strong><\/h2>\n<h3 class=\"s-pb-2 s-pt-4 s-heading-lg s-text-foreground dark:s-text-foreground-night\"><strong class=\"s-font-semibold s-text-foreground dark:s-text-foreground-night\">Ce qui fonctionne : les r\u00e9ussites mesurables<\/strong><\/h3>\n<div class=\"s-whitespace-pre-wrap s-break-words s-font-normal first:s-pt-0 last:s-pb-0 s-py-1 @md:s-py-2 @md:s-leading-7 s-text-base s-leading-7 s-text-foreground dark:s-text-foreground-night\">L&rsquo;engagement terrain porte ses fruits. Laurence observe : <em>\u00ab\u00a0\u00c7a nous a vraiment permis de renforcer aussi ce lien avec nos partenaires.\u00a0\u00bb<\/em> Cette relation renforc\u00e9e avec les terrains de stage constitue un indicateur crucial de la pertinence de la formation.<\/div>\n<div class=\"s-whitespace-pre-wrap s-break-words s-font-normal first:s-pt-0 last:s-pb-0 s-py-1 @md:s-py-2 @md:s-leading-7 s-text-base s-leading-7 s-text-foreground dark:s-text-foreground-night\"><strong class=\"s-font-semibold s-text-foreground dark:s-text-foreground-night\">L&rsquo;am\u00e9lioration de la motivation :<\/strong> La contextualisation authentique g\u00e9n\u00e8re des b\u00e9n\u00e9fices p\u00e9dagogiques mesurables, align\u00e9s avec les th\u00e9ories motivationnelles que d\u00e9fend \u00e9galement Jacques Tardif.<\/div>\n<h3 class=\"s-pb-2 s-pt-4 s-heading-lg s-text-foreground dark:s-text-foreground-night\"><strong class=\"s-font-semibold s-text-foreground dark:s-text-foreground-night\">Les d\u00e9fis surmont\u00e9s : financement et r\u00e9sistances<\/strong><\/h3>\n<div class=\"s-whitespace-pre-wrap s-break-words s-font-normal first:s-pt-0 last:s-pb-0 s-py-1 @md:s-py-2 @md:s-leading-7 s-text-base s-leading-7 s-text-foreground dark:s-text-foreground-night\">Face \u00e0 la question r\u00e9currente du financement, Laurence est transparente : <em>\u00ab\u00a0On est vraiment sur quelque chose de tr\u00e8s routinier avec des \u00e9l\u00e9ments qui vont changer. Donc, un plan d&rsquo;\u00e9tudes cadre qui \u00e9volue tous les dix ans.\u00a0\u00bb<\/em><\/div>\n<div class=\"s-whitespace-pre-wrap s-break-words s-font-normal first:s-pt-0 last:s-pb-0 s-py-1 @md:s-py-2 @md:s-leading-7 s-text-base s-leading-7 s-text-foreground dark:s-text-foreground-night\">Elle ajoute avec r\u00e9alisme : <em>\u00ab\u00a0Pas de financement et beaucoup de transpiration, on va dire, plus que de financement.\u00a0\u00bb<\/em><\/div>\n<div class=\"s-whitespace-pre-wrap s-break-words s-font-normal first:s-pt-0 last:s-pb-0 s-py-1 @md:s-py-2 @md:s-leading-7 s-text-base s-leading-7 s-text-foreground dark:s-text-foreground-night\"><strong class=\"s-font-semibold s-text-foreground dark:s-text-foreground-night\">Gestion des r\u00e9sistances humaines :<\/strong> L&rsquo;\u00e9tablissement fait preuve de lucidit\u00e9 sur les d\u00e9fis humains : <em>\u00ab\u00a0Les r\u00e9sistances ? Il y en a encore dans l&rsquo;\u00e9quipe. On ne va pas se mentir qu&rsquo;au bout de plusieurs ann\u00e9es, \u00e7a existe encore. Mais surtout, il faut qu&rsquo;elle soit comprise, cette r\u00e9sistance. Pourquoi ? Parce qu&rsquo; les gens ont peur.\u00a0\u00bb<\/em><\/div>\n<div class=\"s-whitespace-pre-wrap s-break-words s-font-normal first:s-pt-0 last:s-pb-0 s-py-1 @md:s-py-2 @md:s-leading-7 s-text-base s-leading-7 s-text-foreground dark:s-text-foreground-night\">L&rsquo;accompagnement devient central : <em>\u00ab\u00a0Il y a une crainte de&#8230; Pu \u00eatre fondamentalement comp\u00e9tent parce qu&rsquo;on me demande d&rsquo;aller plus loin que mon champ d&rsquo;action mais l&rsquo;id\u00e9e c&rsquo;\u00e9tait vraiment d&rsquo;accompagner.\u00a0\u00bb<\/em><\/div>\n<h3 class=\"s-pb-2 s-pt-4 s-heading-lg s-text-foreground dark:s-text-foreground-night\"><strong class=\"s-font-semibold s-text-foreground dark:s-text-foreground-night\">L&rsquo;\u00e9valuation repens\u00e9e : moins mais mieux<\/strong><\/h3>\n<div class=\"s-whitespace-pre-wrap s-break-words s-font-normal first:s-pt-0 last:s-pb-0 s-py-1 @md:s-py-2 @md:s-leading-7 s-text-base s-leading-7 s-text-foreground dark:s-text-foreground-night\">Une r\u00e9volution culturelle s&rsquo;op\u00e8re concernant l&rsquo;\u00e9valuation. Laurence explique : <em>\u00ab\u00a0On a dit \u00e0 tout le monde, il n&rsquo;y a pas besoin de tout \u00e9valuer parce qu&rsquo;il faut le r\u00e9p\u00e9ter, m\u00eame ann\u00e9e apr\u00e8s ann\u00e9e. Jacques, il le disait d\u00e9j\u00e0, mais il faut encore dire \u00e7a \u00e0 tout le monde. On n&rsquo;a pas besoin de tout \u00e9valuer.\u00a0\u00bb<\/em><\/div>\n<div class=\"s-whitespace-pre-wrap s-break-words s-font-normal first:s-pt-0 last:s-pb-0 s-py-1 @md:s-py-2 @md:s-leading-7 s-text-base s-leading-7 s-text-foreground dark:s-text-foreground-night\">Cette approche lib\u00e9ratrice s&rsquo;accompagne d&rsquo;une exigence nouvelle : <em>\u00ab\u00a0Il y a plusieurs coll\u00e8gues qui doivent faire des deuils. Parce qu&rsquo;il y en a qui veulent tout \u00e9valuer tout le temps, mais finalement, ce n&rsquo;est pas en \u00e9valuant tout le temps qu&rsquo;on travaille finalement sur les comp\u00e9tences.\u00a0\u00bb<\/em><\/div>\n<div class=\"s-my-6 s-border-b s-border-primary-150 dark:s-border-primary-150-night\">\u00a0<\/div>\n<h2 class=\"s-pb-2 s-pt-4 s-heading-xl s-text-foreground dark:s-text-foreground-night\"><strong class=\"s-font-semibold s-text-foreground dark:s-text-foreground-night\">\ud83d\ude80 Perspectives et reproductibilit\u00e9<\/strong><\/h2>\n<h3 class=\"s-pb-2 s-pt-4 s-heading-lg s-text-foreground dark:s-text-foreground-night\"><strong class=\"s-font-semibold s-text-foreground dark:s-text-foreground-night\">Un mod\u00e8le transf\u00e9rable ?<\/strong><\/h3>\n<div class=\"s-whitespace-pre-wrap s-break-words s-font-normal first:s-pt-0 last:s-pb-0 s-py-1 @md:s-py-2 @md:s-leading-7 s-text-base s-leading-7 s-text-foreground dark:s-text-foreground-night\">L&rsquo;exp\u00e9rience de l&rsquo;HESAV offre des enseignements pr\u00e9cieux pour d&rsquo;autres \u00e9tablissements. Laurence partage sa m\u00e9thode : <em>\u00ab\u00a0On propose finalement \u00e0 nos coll\u00e8gues d&rsquo;autres fili\u00e8res qui se lancent aussi l\u00e0-dedans, de d\u00e9buter par la finalit\u00e9. Finalement, qu&rsquo;est-ce que je veux \u00e0 la fin d&rsquo;un cursus pour mes \u00e9tudiants ?\u00a0\u00bb<\/em><\/div>\n<div class=\"s-whitespace-pre-wrap s-break-words s-font-normal first:s-pt-0 last:s-pb-0 s-py-1 @md:s-py-2 @md:s-leading-7 s-text-base s-leading-7 s-text-foreground dark:s-text-foreground-night\"><strong class=\"s-font-semibold s-text-foreground dark:s-text-foreground-night\">Les conditions de succ\u00e8s identifi\u00e9es :<\/strong><\/div>\n<ul class=\"s-list-disc s-pb-2 s-pl-6 s-text-foreground dark:s-text-foreground-night s-text-base s-leading-7\">\n<li class=\"s-break-words s-text-foreground dark:s-text-foreground-night s-text-base s-leading-7\">Approche collaborative depuis le d\u00e9but<\/li>\n<li class=\"s-break-words s-text-foreground dark:s-text-foreground-night s-text-base s-leading-7\">Ancrage terrain syst\u00e9matique<\/li>\n<li class=\"s-break-words s-text-foreground dark:s-text-foreground-night s-text-base s-leading-7\">Coh\u00e9rence compl\u00e8te jusqu&rsquo;aux \u00e9valuations<\/li>\n<li class=\"s-break-words s-text-foreground dark:s-text-foreground-night s-text-base s-leading-7\">Accompagnement des r\u00e9sistances<\/li>\n<li class=\"s-break-words s-text-foreground dark:s-text-foreground-night s-text-base s-leading-7\">Vision long terme<\/li>\n<\/ul>\n<h3 class=\"s-pb-2 s-pt-4 s-heading-lg s-text-foreground dark:s-text-foreground-night\"><strong class=\"s-font-semibold s-text-foreground dark:s-text-foreground-night\">Faciliter la logistique de l&rsquo;\u00e9valuation par comp\u00e9tences<\/strong><\/h3>\n<div class=\"s-whitespace-pre-wrap s-break-words s-font-normal first:s-pt-0 last:s-pb-0 s-py-1 @md:s-py-2 @md:s-leading-7 s-text-base s-leading-7 s-text-foreground dark:s-text-foreground-night\">L&rsquo;une des principales difficult\u00e9s \u00e9voqu\u00e9es par l&rsquo;HESAV concerne la gestion pratique des \u00e9valuations multiples et crois\u00e9es. Dans ce contexte, des solutions comme <strong class=\"s-font-semibold s-text-foreground dark:s-text-foreground-night\">ChallengeMe<\/strong> permettent de r\u00e9soudre concr\u00e8tement plusieurs d\u00e9fis op\u00e9rationnels :<\/div>\n<div class=\"s-whitespace-pre-wrap s-break-words s-font-normal first:s-pt-0 last:s-pb-0 s-py-1 @md:s-py-2 @md:s-leading-7 s-text-base s-leading-7 s-text-foreground dark:s-text-foreground-night\"><strong class=\"s-font-semibold s-text-foreground dark:s-text-foreground-night\">Gestion des \u00e9valuations par les pairs :<\/strong> La plateforme automatise la distribution des travaux entre \u00e9tudiants, garantit l&rsquo;anonymat des \u00e9valuations crois\u00e9es et compile automatiquement les feedbacks multiples. Cela facilite la mise en \u0153uvre des <strong class=\"s-font-semibold s-text-foreground dark:s-text-foreground-night\">situations didactiques collaboratives<\/strong> d\u00e9velopp\u00e9es par l&rsquo;HESAV.<\/div>\n<div class=\"s-whitespace-pre-wrap s-break-words s-font-normal first:s-pt-0 last:s-pb-0 s-py-1 @md:s-py-2 @md:s-leading-7 s-text-base s-leading-7 s-text-foreground dark:s-text-foreground-night\"><strong class=\"s-font-semibold s-text-foreground dark:s-text-foreground-night\">Suivi de la progression par comp\u00e9tences :<\/strong> L&rsquo;outil permet d&rsquo;associer chaque \u00e9valuation \u00e0 des crit\u00e8res de comp\u00e9tence sp\u00e9cifiques, offrant une vision claire de la progression de chaque \u00e9tudiant sur le <strong class=\"s-font-semibold s-text-foreground dark:s-text-foreground-night\">r\u00e9f\u00e9rentiel \u00e0 3 dimensions<\/strong> (cognitif, r\u00e9flexif, int\u00e9gratif\/transfert).<\/div>\n<div class=\"s-whitespace-pre-wrap s-break-words s-font-normal first:s-pt-0 last:s-pb-0 s-py-1 @md:s-py-2 @md:s-leading-7 s-text-base s-leading-7 s-text-foreground dark:s-text-foreground-night\"><strong class=\"s-font-semibold s-text-foreground dark:s-text-foreground-night\">Feedback formatif \u00e0 grande \u00e9chelle :<\/strong> La solution r\u00e9pond au besoin exprim\u00e9 par Laurence de <em>\u00ab\u00a0ne pas tout \u00e9valuer\u00a0\u00bb<\/em> en facilitant la collecte de feedbacks qualitatifs r\u00e9guliers sans alourdir la charge administrative. Les relances automatis\u00e9es et les synth\u00e8ses instantan\u00e9es lib\u00e8rent du temps pour l&rsquo;accompagnement p\u00e9dagogique.<\/div>\n<div class=\"s-whitespace-pre-wrap s-break-words s-font-normal first:s-pt-0 last:s-pb-0 s-py-1 @md:s-py-2 @md:s-leading-7 s-text-base s-leading-7 s-text-foreground dark:s-text-foreground-night\">Cette approche technologique soutient la philosophie de l&rsquo;HESAV : privil\u00e9gier l&rsquo;apprentissage collaboratif et la r\u00e9flexivit\u00e9 tout en maintenant une logistique fluide, m\u00eame avec des effectifs importants.<\/div>\n<h3 class=\"s-pb-2 s-pt-4 s-heading-lg s-text-foreground dark:s-text-foreground-night\"><strong class=\"s-font-semibold s-text-foreground dark:s-text-foreground-night\">L&rsquo;am\u00e9lioration continue : une n\u00e9cessit\u00e9<\/strong><\/h3>\n<div class=\"s-whitespace-pre-wrap s-break-words s-font-normal first:s-pt-0 last:s-pb-0 s-py-1 @md:s-py-2 @md:s-leading-7 s-text-base s-leading-7 s-text-foreground dark:s-text-foreground-night\">L&rsquo;\u00e9tablissement inscrit sa d\u00e9marche dans la dur\u00e9e : <em>\u00ab\u00a0C&rsquo;est un projet qui doit vivre sur le long terme. Et d&rsquo;ailleurs, il vit encore et on a une rencontre programm\u00e9e dans deux semaines. Pour justement parler d&rsquo;\u00e9volution dans nos pratiques de validation.\u00a0\u00bb<\/em><\/div>\n<div class=\"s-whitespace-pre-wrap s-break-words s-font-normal first:s-pt-0 last:s-pb-0 s-py-1 @md:s-py-2 @md:s-leading-7 s-text-base s-leading-7 s-text-foreground dark:s-text-foreground-night\">Cette philosophie de l&rsquo;am\u00e9lioration continue refl\u00e8te la maturit\u00e9 de l&rsquo;approche : <em>\u00ab\u00a0Si on s&rsquo;arr\u00eate \u00e0 un moment donn\u00e9, \u00e7a ne fonctionne pas. Il faut que \u00e7a soit maintenant ancr\u00e9 et puis continuer \u00e0 faire ce rouage-l\u00e0.\u00a0\u00bb<\/em><\/div>\n<h2 class=\"s-pb-2 s-pt-4 s-heading-xl s-text-foreground dark:s-text-foreground-night\"><strong class=\"s-font-semibold s-text-foreground dark:s-text-foreground-night\">\ud83d\udd1a De la transformation \u00e0 l&rsquo;inspiration<\/strong><\/h2>\n<div class=\"s-whitespace-pre-wrap s-break-words s-font-normal first:s-pt-0 last:s-pb-0 s-py-1 @md:s-py-2 @md:s-leading-7 s-text-base s-leading-7 s-text-foreground dark:s-text-foreground-night\">L&rsquo;exp\u00e9rience de l&rsquo;HESAV d\u00e9montre qu&rsquo;une transformation profonde vers l&rsquo;approche par comp\u00e9tences est possible, m\u00eame sans financement sp\u00e9cifique. Elle repose sur trois piliers : <strong class=\"s-font-semibold s-text-foreground dark:s-text-foreground-night\">une vision collective claire, un ancrage terrain rigoureux et une coh\u00e9rence syst\u00e9mique jusqu&rsquo;aux \u00e9valuations<\/strong>.<\/div>\n<div class=\"s-whitespace-pre-wrap s-break-words s-font-normal first:s-pt-0 last:s-pb-0 s-py-1 @md:s-py-2 @md:s-leading-7 s-text-base s-leading-7 s-text-foreground dark:s-text-foreground-night\">Comme le souligne Jacques Tardif \u00e0 propos de cette exp\u00e9rience : <em>\u00ab\u00a0Je trouve que c&rsquo;est exemplaire de ce que vous avez fait. Et quand on entend ce que vous racontez, le r\u00e9f\u00e9rentiel de comp\u00e9tences est le cadre que vous utilisez toujours et les modules ou les situations que vous privil\u00e9giez sont aussi tr\u00e8s int\u00e9gr\u00e9s dans ce r\u00e9f\u00e9rentiel de comp\u00e9tences.\u00a0\u00bb<\/em><\/div>\n<div class=\"s-whitespace-pre-wrap s-break-words s-font-normal first:s-pt-0 last:s-pb-0 s-py-1 @md:s-py-2 @md:s-leading-7 s-text-base s-leading-7 s-text-foreground dark:s-text-foreground-night\">Cette transformation illustre parfaitement que <strong class=\"s-font-semibold s-text-foreground dark:s-text-foreground-night\">la r\u00e9volution p\u00e9dagogique ne n\u00e9cessite pas de r\u00e9volution budg\u00e9taire, mais une r\u00e9volution culturelle<\/strong> port\u00e9e par des \u00e9quipes engag\u00e9es et m\u00e9thodiques.<\/div>\n<div class=\"s-whitespace-pre-wrap s-break-words s-font-normal first:s-pt-0 last:s-pb-0 s-py-1 @md:s-py-2 @md:s-leading-7 s-text-base s-leading-7 s-text-foreground dark:s-text-foreground-night\">L&rsquo;HESAV nous montre qu&rsquo;il est possible de d\u00e9passer l&rsquo;\u00e9cart entre th\u00e9orie et pratique, entre ambitions p\u00e9dagogiques et contraintes op\u00e9rationnelles. Leur approche syst\u00e9mique, nourrie par la recherche et valid\u00e9e par le terrain, ouvre la voie \u00e0 une nouvelle g\u00e9n\u00e9ration de formations authentiquement centr\u00e9es sur le d\u00e9veloppement des comp\u00e9tences professionnelles.<\/div>\t\t\t\t\t\t\t\t<\/div>\n\t\t\t\t<\/div>\n\t\t\t\t\t<\/div>\n\t\t\t\t<\/div>\n\t\t\t\t<\/div>","protected":false},"excerpt":{"rendered":"<p>Dans le monde acad\u00e9mique, l&rsquo;\u00e9cart entre les th\u00e9ories p\u00e9dagogiques prometteuses et leur mise en \u0153uvre concr\u00e8te reste l&rsquo;un des d\u00e9fis majeurs des \u00e9tablissements d&rsquo;enseignement sup\u00e9rieur. Comment transformer les concepts d&rsquo;approche par comp\u00e9tences en r\u00e9alit\u00e9 op\u00e9rationnelle ? Comment d\u00e9passer les r\u00e9sistances et construire un syst\u00e8me coh\u00e9rent qui b\u00e9n\u00e9ficie r\u00e9ellement aux \u00e9tudiants ? L&rsquo;\u00c9cole sup\u00e9rieure de sant\u00e9 [&hellip;]<\/p>","protected":false},"author":5,"featured_media":16784,"comment_status":"closed","ping_status":"closed","sticky":false,"template":"elementor_theme","format":"standard","meta":{"_acf_changed":false,"content-type":"","footnotes":""},"categories":[48],"tags":[],"cas_usage":[],"format_d_activite":[],"objectif":[],"projet":[],"cas_dusage":[],"post_use_cases":[],"format_activite":[],"webinaires":[],"ressource-type":[],"class_list":["post-16775","post","type-post","status-publish","format-standard","has-post-thumbnail","hentry","category-approche-par-competences"],"acf":[],"_links":{"self":[{"href":"https:\/\/challengeme.online\/en\/wp-json\/wp\/v2\/posts\/16775","targetHints":{"allow":["GET"]}}],"collection":[{"href":"https:\/\/challengeme.online\/en\/wp-json\/wp\/v2\/posts"}],"about":[{"href":"https:\/\/challengeme.online\/en\/wp-json\/wp\/v2\/types\/post"}],"author":[{"embeddable":true,"href":"https:\/\/challengeme.online\/en\/wp-json\/wp\/v2\/users\/5"}],"replies":[{"embeddable":true,"href":"https:\/\/challengeme.online\/en\/wp-json\/wp\/v2\/comments?post=16775"}],"version-history":[{"count":13,"href":"https:\/\/challengeme.online\/en\/wp-json\/wp\/v2\/posts\/16775\/revisions"}],"predecessor-version":[{"id":16796,"href":"https:\/\/challengeme.online\/en\/wp-json\/wp\/v2\/posts\/16775\/revisions\/16796"}],"wp:featuredmedia":[{"embeddable":true,"href":"https:\/\/challengeme.online\/en\/wp-json\/wp\/v2\/media\/16784"}],"wp:attachment":[{"href":"https:\/\/challengeme.online\/en\/wp-json\/wp\/v2\/media?parent=16775"}],"wp:term":[{"taxonomy":"category","embeddable":true,"href":"https:\/\/challengeme.online\/en\/wp-json\/wp\/v2\/categories?post=16775"},{"taxonomy":"post_tag","embeddable":true,"href":"https:\/\/challengeme.online\/en\/wp-json\/wp\/v2\/tags?post=16775"},{"taxonomy":"cas_usage","embeddable":true,"href":"https:\/\/challengeme.online\/en\/wp-json\/wp\/v2\/cas_usage?post=16775"},{"taxonomy":"format_d_activite","embeddable":true,"href":"https:\/\/challengeme.online\/en\/wp-json\/wp\/v2\/format_d_activite?post=16775"},{"taxonomy":"objectif","embeddable":true,"href":"https:\/\/challengeme.online\/en\/wp-json\/wp\/v2\/objectif?post=16775"},{"taxonomy":"projet","embeddable":true,"href":"https:\/\/challengeme.online\/en\/wp-json\/wp\/v2\/projet?post=16775"},{"taxonomy":"cas_dusage","embeddable":true,"href":"https:\/\/challengeme.online\/en\/wp-json\/wp\/v2\/cas_dusage?post=16775"},{"taxonomy":"post_use_cases","embeddable":true,"href":"https:\/\/challengeme.online\/en\/wp-json\/wp\/v2\/post_use_cases?post=16775"},{"taxonomy":"format_activite","embeddable":true,"href":"https:\/\/challengeme.online\/en\/wp-json\/wp\/v2\/format_activite?post=16775"},{"taxonomy":"webinaires","embeddable":true,"href":"https:\/\/challengeme.online\/en\/wp-json\/wp\/v2\/webinaires?post=16775"},{"taxonomy":"ressource-type","embeddable":true,"href":"https:\/\/challengeme.online\/en\/wp-json\/wp\/v2\/ressource-type?post=16775"}],"curies":[{"name":"wp","href":"https:\/\/api.w.org\/{rel}","templated":true}]}}